{"id":1,"date":"2018-08-15T11:50:35","date_gmt":"2018-08-15T11:50:35","guid":{"rendered":"https:\/\/staging.hotelsavoiajolanda.com\/wp\/wordpress-resources-at-siteground\/"},"modified":"2023-05-10T08:53:03","modified_gmt":"2023-05-10T08:53:03","slug":"la-festa-del-redentore-storia-e-tradizione-della-festa-piu-amata-dai-veneziani-e-non","status":"publish","type":"post","link":"https:\/\/hotelsavoiajolanda.com\/de\/la-festa-del-redentore-storia-e-tradizione-della-festa-piu-amata-dai-veneziani-e-non\/","title":{"rendered":"Das Fest des Redentore: Geschichte und Tradition des beliebtesten Festes der Venezianer und anderer"},"content":{"rendered":"<div data-elementor-type=\"wp-post\" data-elementor-id=\"1\" class=\"elementor elementor-1\">\n\t\t\t\t\t\t<section class=\"elementor-section elementor-top-section elementor-element elementor-element-2ed0bf6 elementor-section-height-min-height elementor-section-boxed elementor-section-height-default elementor-section-items-middle wpr-particle-no wpr-jarallax-no wpr-parallax-no wpr-sticky-section-no\" data-id=\"2ed0bf6\" data-element_type=\"section\" data-settings=\"{&quot;background_background&quot;:&quot;classic&quot;}\">\n\t\t\t\t\t\t<div class=\"elementor-container elementor-column-gap-default\">\n\t\t\t\t\t<div class=\"elementor-column elementor-col-100 elementor-top-column elementor-element elementor-element-59678dd\" data-id=\"59678dd\" data-element_type=\"column\">\n\t\t\t<div class=\"elementor-widget-wrap\">\n\t\t\t\t\t\t\t<\/div>\n\t\t<\/div>\n\t\t\t\t\t<\/div>\n\t\t<\/section>\n\t\t\t\t<section class=\"elementor-section elementor-top-section elementor-element elementor-element-65757362 elementor-section-boxed elementor-section-height-default elementor-section-height-default wpr-particle-no wpr-jarallax-no wpr-parallax-no wpr-sticky-section-no\" data-id=\"65757362\" data-element_type=\"section\">\n\t\t\t\t\t\t<div class=\"elementor-container elementor-column-gap-default\">\n\t\t\t\t\t<div class=\"elementor-column elementor-col-100 elementor-top-column elementor-element elementor-element-3a56293f\" data-id=\"3a56293f\" data-element_type=\"column\">\n\t\t\t<div class=\"elementor-widget-wrap elementor-element-populated\">\n\t\t\t\t\t\t<div class=\"elementor-element elementor-element-8bcb788 elementor-widget elementor-widget-heading\" data-id=\"8bcb788\" data-element_type=\"widget\" data-widget_type=\"heading.default\">\n\t\t\t\t<div class=\"elementor-widget-container\">\n\t\t\t\t\t<h2 class=\"elementor-heading-title elementor-size-default\">Das Fest des Redentore: Geschichte und Tradition des beliebtesten Festes der Venezianer und anderer<\/h2>\t\t\t\t<\/div>\n\t\t\t\t<\/div>\n\t\t\t\t<div class=\"elementor-element elementor-element-36e6aabd elementor-widget elementor-widget-text-editor\" data-id=\"36e6aabd\" data-element_type=\"widget\" data-widget_type=\"text-editor.default\">\n\t\t\t\t<div class=\"elementor-widget-container\">\n\t\t\t\t\t\t\t\t\t<p>Das Fest des Redentore ist eines der von den Venezianern am st\u00e4rksten empfundenen Feste, bei dem der religi\u00f6se Aspekt und der spektakul\u00e4re Aspekt nebeneinander bestehen, dank des wunderbaren Feuerwerks, das das Markusbecken f\u00e4rbt und den venezianischen Himmel erhellt.<\/p>\t\t\t\t\t\t\t\t<\/div>\n\t\t\t\t<\/div>\n\t\t\t\t<div class=\"elementor-element elementor-element-ae7467f elementor-widget elementor-widget-text-editor\" data-id=\"ae7467f\" data-element_type=\"widget\" data-widget_type=\"text-editor.default\">\n\t\t\t\t<div class=\"elementor-widget-container\">\n\t\t\t\t\t\t\t\t\t<p>Lesen Sie den Artikel, um 5 Kuriosit\u00e4ten \u00fcber das Fest des Redentore zu entdecken.<\/p>\t\t\t\t\t\t\t\t<\/div>\n\t\t\t\t<\/div>\n\t\t\t\t<div class=\"elementor-element elementor-element-2d45e2b elementor-widget elementor-widget-heading\" data-id=\"2d45e2b\" data-element_type=\"widget\" data-widget_type=\"heading.default\">\n\t\t\t\t<div class=\"elementor-widget-container\">\n\t\t\t\t\t<h3 class=\"elementor-heading-title elementor-size-default\">1. Wann findet die Feier statt?<\/h3>\t\t\t\t<\/div>\n\t\t\t\t<\/div>\n\t\t\t\t<div class=\"elementor-element elementor-element-0febf2d elementor-widget elementor-widget-text-editor\" data-id=\"0febf2d\" data-element_type=\"widget\" data-widget_type=\"text-editor.default\">\n\t\t\t\t<div class=\"elementor-widget-container\">\n\t\t\t\t\t\t\t\t\t<p>Das Fest des Redentore wird jedes Jahr am dritten Samstag im Juli gefeiert.<\/p>\t\t\t\t\t\t\t\t<\/div>\n\t\t\t\t<\/div>\n\t\t\t\t<div class=\"elementor-element elementor-element-b1c3a3b elementor-widget elementor-widget-heading\" data-id=\"b1c3a3b\" data-element_type=\"widget\" data-widget_type=\"heading.default\">\n\t\t\t\t<div class=\"elementor-widget-container\">\n\t\t\t\t\t<h3 class=\"elementor-heading-title elementor-size-default\">2. Was ist die Bedeutung des Redentore in Venedig?<\/h3>\t\t\t\t<\/div>\n\t\t\t\t<\/div>\n\t\t\t\t<div class=\"elementor-element elementor-element-0798f1b elementor-widget elementor-widget-text-editor\" data-id=\"0798f1b\" data-element_type=\"widget\" data-widget_type=\"text-editor.default\">\n\t\t\t\t<div class=\"elementor-widget-container\">\n\t\t\t\t\t\t\t\t\t<p>Das Redentore wurde 1577 ins Leben gerufen, um das Ende der verheerenden Pestepidemie zu feiern, die ein Drittel der Bev\u00f6lkerung der Republik Serenissima im 16.<\/p>\t\t\t\t\t\t\t\t<\/div>\n\t\t\t\t<\/div>\n\t\t\t\t<div class=\"elementor-element elementor-element-4e627c2 elementor-widget elementor-widget-text-editor\" data-id=\"4e627c2\" data-element_type=\"widget\" data-widget_type=\"text-editor.default\">\n\t\t\t\t<div class=\"elementor-widget-container\">\n\t\t\t\t\t\t\t\t\tDer Doge Alvise Mocenigo gelobte, einen sch\u00f6nen Tempel zu errichten, wenn die Stadt die Pest \u00fcberleben w\u00fcrde. Im Jahr 1577, nach dem Ende der Pest, l\u00f6ste der Doge Sebastiano Venier das Versprechen ein und lie\u00df die Redentore basilika des Architekten Andrea Palladio auf der Insel Giudecca errichten. Am 20. Juli 1577 wurde zur Feier des Endes der Pest eine Pontonbr\u00fccke zum Standort der Basilika gebaut, und es fand die erste Prozession statt.\t\t\t\t\t\t\t\t<\/div>\n\t\t\t\t<\/div>\n\t\t\t\t<div class=\"elementor-element elementor-element-ceb8c13 elementor-widget elementor-widget-heading\" data-id=\"ceb8c13\" data-element_type=\"widget\" data-widget_type=\"heading.default\">\n\t\t\t\t<div class=\"elementor-widget-container\">\n\t\t\t\t\t<h3 class=\"elementor-heading-title elementor-size-default\">3. Was ist der Ursprung der venezianischen Pestmaske?<\/h3>\t\t\t\t<\/div>\n\t\t\t\t<\/div>\n\t\t\t\t<div class=\"elementor-element elementor-element-29c7564 elementor-widget elementor-widget-text-editor\" data-id=\"29c7564\" data-element_type=\"widget\" data-widget_type=\"text-editor.default\">\n\t\t\t\t<div class=\"elementor-widget-container\">\n\t\t\t\t\t\t\t\t\t<p class=\"translation-block\">In dieser Zeit wurde das \"medizinische Siegel\" erfunden, das sp\u00e4ter zu einer der typischsten venezianischen Masken wurde: dem Pestarzt. In den gebogenen Schnabel wurde eine Mischung aus duftenden Kr\u00e4utern, Knoblauch und einem in Essig getr\u00e4nkten Schwamm gegeben, um die Luft zu reinigen und die \u00c4rzte vor Ansteckung zu sch\u00fctzen.<\/p>\t\t\t\t\t\t\t\t<\/div>\n\t\t\t\t<\/div>\n\t\t\t\t<div class=\"elementor-element elementor-element-9283416 elementor-widget elementor-widget-heading\" data-id=\"9283416\" data-element_type=\"widget\" data-widget_type=\"heading.default\">\n\t\t\t\t<div class=\"elementor-widget-container\">\n\t\t\t\t\t<h3 class=\"elementor-heading-title elementor-size-default\">4. Was ist die Pontonbr\u00fccke?<\/h3>\t\t\t\t<\/div>\n\t\t\t\t<\/div>\n\t\t\t\t<div class=\"elementor-element elementor-element-4fd78fc elementor-widget elementor-widget-text-editor\" data-id=\"4fd78fc\" data-element_type=\"widget\" data-widget_type=\"text-editor.default\">\n\t\t\t\t<div class=\"elementor-widget-container\">\n\t\t\t\t\t\t\t\t\t<p>Seit f\u00fcnf Jahrhunderten wird zu diesem Anlass eine 330 Meter lange Pontonbr\u00fccke errichtet, die Venedig mit der Insel Giudecca verbindet, damit die Einwohner an der Prozession und der Heiligen Messe in der Kirche Redentore teilnehmen k\u00f6nnen.<\/p>\t\t\t\t\t\t\t\t<\/div>\n\t\t\t\t<\/div>\n\t\t\t\t<div class=\"elementor-element elementor-element-ee6b22e elementor-widget elementor-widget-heading\" data-id=\"ee6b22e\" data-element_type=\"widget\" data-widget_type=\"heading.default\">\n\t\t\t\t<div class=\"elementor-widget-container\">\n\t\t\t\t\t<h3 class=\"elementor-heading-title elementor-size-default\">5. Warum sind die Boote der Venezianer mit Lichtern geschm\u00fcckt?<\/h3>\t\t\t\t<\/div>\n\t\t\t\t<\/div>\n\t\t\t\t<div class=\"elementor-element elementor-element-29b38d2 elementor-widget elementor-widget-text-editor\" data-id=\"29b38d2\" data-element_type=\"widget\" data-widget_type=\"text-editor.default\">\n\t\t\t\t<div class=\"elementor-widget-container\">\n\t\t\t\t\t\t\t\t\t<p>Die Tradition besagt, dass alle Venezianer ab dem Morgen ihre Boote mit Girlanden und bunten Luftballons festlich herrichten und dann in der Abendd\u00e4mmerung das Markusbecken und den Giudecca-Kanal erreichen, um das Feuerwerk in Gesellschaft von Freunden und gutem Essen zu bewundern.<\/p>\t\t\t\t\t\t\t\t<\/div>\n\t\t\t\t<\/div>\n\t\t\t\t\t<\/div>\n\t\t<\/div>\n\t\t\t\t\t<\/div>\n\t\t<\/section>\n\t\t\t\t<\/div>","protected":false},"excerpt":{"rendered":"<p>La Festa del Redentore: storia e tradizione della festa pi\u00f9 amata dai veneziani e non La Festa del Redentore \u00e8 tra le festivit\u00e0 pi\u00f9 sinceramente sentite dai veneziani, in cui convivono l&#8217;aspetto religioso e quello spettacolare, grazie al meraviglioso spettacolo pirotecnico che colora il Bacino di San Marco e illumina il cielo di Venezia. Leggi l\u2019articolo per scoprire 5 curiosit\u00e0 sulla Festa del Redentore. 1. Quando si festeggia? La Festa del Redentore viene celebrata ogni anno il terzo sabato del mese di Luglio. 2. Qual e&#8217; il significato del redentore a Venezia? Il Redentore ha origine infatti nel 1577 e celebra la fine della devastante pandemia di peste che nel sedicesimo secolo aveva decimato un terzo della popolazione della Repubblica Serenissima. Il Doge Alvise Mocenigo giur\u00f3 di erigere un bellissimo tempio qualora la citt\u00e1 fosse sopravvissuta al flagello. Nel 1577 con la fine della pestilenza il Doge Sebastiano Venier sciolse il voto e mantenendo la promessa fatta dal suo predecessore fece costruire la\u00a0basilica del Redentore dall\u2019architetto Andrea Palladio sull\u2019isola della Giudecca. Il 20 luglio del 1577, per festeggiare la fine della peste, fu costruito per la prima volta un ponte di barche per raggiungere il luogo in cui stava sorgendo la Basilica ed ebbe luogo la prima processione. 3. Qual \u00e8 l\u2019origine della maschera veneziana della peste? Ed \u00e8 in questo periodo che si presume sia stata ideata una una \u201ctenuta medica\u201d divenuta successivamente una delle pi\u00f9 tipiche maschere veneziane: il medico della peste. All\u2019interno del becco ricurvo veniva posta una mistura di erbe profumate, aglio e una spugna bagnata d\u2019aceto, con lo scopo di purificare l\u2019aria epreservare i medici dal contagio. 4. Cos\u2019\u00e8 il ponte di barche? Da ormai cinque secoli, si allestisce per l\u2019occasione un ponte di barche lungo 330 metri per unire Venezia all\u2019isola della Giudecca in modo tale da permettere agli abitanti di prendere parte alla processione e alla Santa Messa nella chiesa del Redentore. 5. Perch\u00e9 le barche dei veneziani sono addobbate da luci? Tradizione vuole che fin dal mattino tutti i veneziani preparino a festa le loro barche con festoni, palloncini colorati e per poi all\u2019imbrunire raggiungere il bacino di San Marco ed il canale della Giudecca per ammirare lo show pirotecnico in compagnia di amici e buon cibo.<\/p>","protected":false},"author":5,"featured_media":4450,"comment_status":"closed","ping_status":"closed","sticky":false,"template":"","format":"standard","meta":{"inline_featured_image":false,"footnotes":""},"categories":[1],"tags":[],"class_list":["post-1","post","type-post","status-publish","format-standard","has-post-thumbnail","hentry","category-senza-categoria"],"aioseo_notices":[],"_links":{"self":[{"href":"https:\/\/hotelsavoiajolanda.com\/de\/wp-json\/wp\/v2\/posts\/1","targetHints":{"allow":["GET"]}}],"collection":[{"href":"https:\/\/hotelsavoiajolanda.com\/de\/wp-json\/wp\/v2\/posts"}],"about":[{"href":"https:\/\/hotelsavoiajolanda.com\/de\/wp-json\/wp\/v2\/types\/post"}],"author":[{"embeddable":true,"href":"https:\/\/hotelsavoiajolanda.com\/de\/wp-json\/wp\/v2\/users\/5"}],"replies":[{"embeddable":true,"href":"https:\/\/hotelsavoiajolanda.com\/de\/wp-json\/wp\/v2\/comments?post=1"}],"version-history":[{"count":40,"href":"https:\/\/hotelsavoiajolanda.com\/de\/wp-json\/wp\/v2\/posts\/1\/revisions"}],"predecessor-version":[{"id":5856,"href":"https:\/\/hotelsavoiajolanda.com\/de\/wp-json\/wp\/v2\/posts\/1\/revisions\/5856"}],"wp:featuredmedia":[{"embeddable":true,"href":"https:\/\/hotelsavoiajolanda.com\/de\/wp-json\/wp\/v2\/media\/4450"}],"wp:attachment":[{"href":"https:\/\/hotelsavoiajolanda.com\/de\/wp-json\/wp\/v2\/media?parent=1"}],"wp:term":[{"taxonomy":"category","embeddable":true,"href":"https:\/\/hotelsavoiajolanda.com\/de\/wp-json\/wp\/v2\/categories?post=1"},{"taxonomy":"post_tag","embeddable":true,"href":"https:\/\/hotelsavoiajolanda.com\/de\/wp-json\/wp\/v2\/tags?post=1"}],"curies":[{"name":"wp","href":"https:\/\/api.w.org\/{rel}","templated":true}]}}